{"id":6418,"global_id":"www.cnam-hauts-de-france.fr?id=6418","global_id_lineage":["www.cnam-hauts-de-france.fr?id=6418"],"author":"4","status":"publish","date":"2021-10-28 15:00:53","date_utc":"2021-10-28 13:00:53","modified":"2023-12-21 12:15:43","modified_utc":"2023-12-21 11:15:43","url":"https:\/\/www.cnam-hauts-de-france.fr\/event\/journee-portes-ouvertes-formations-du-2nd-semestre-lille-et-valenciennes\/","rest_url":"https:\/\/www.cnam-hauts-de-france.fr\/api-json\/tribe\/events\/v1\/events\/6418","title":"Journ\u00e9e Portes Ouvertes : Formations du 2nd semestre &#8211; LILLE et VALENCIENNES","description":"<p><strong>Pr\u00e9sentation de notre offre de formations \u00ab\u00a0toutes modalit\u00e9s\u00a0\u00bb : <a href=\"https:\/\/www.cnam-hauts-de-france.fr\/formation-continue-en-journee\/\">en formation continue en journ\u00e9e<\/a>, <a href=\"https:\/\/www.cnam-hauts-de-france.fr\/poursuites-detudes-en-alternance-au-cnam-hauts-de-france\/\">en alternance<\/a>, <a href=\"https:\/\/www.cnam-hauts-de-france.fr\/cours-du-soir\/\">en cours du soir<\/a> et <a href=\"https:\/\/www.cnam-hauts-de-france.fr\/formation-a-distance-et-hybride\/\">\u00e0 distance<\/a>&#8230;<br \/>\n<\/strong><\/p>\n<p><em>Vous souhaitez d\u00e9velopper vos comp\u00e9tences, acqu\u00e9rir un dipl\u00f4me, reprendre ou poursuivre des \u00e9tudes\u2026\u00a0<\/em><\/p>\n<p><em><strong>Venez rencontrer nos conseillers :<br \/>\n<\/strong><\/em><\/p>\n<ul>\n<li>centre de Lille : 5, 7 et 8 Bd. Louis XIV &#8211; t\u00e9l. 03.20.29.86.68<\/li>\n<li>centre de Valenciennes : 15 bis, Place Jehan Froissart &#8211; t\u00e9l. 03.27.23.04.05<\/li>\n<\/ul>\n<p><img loading=\"lazy\" decoding=\"async\" class=\"alignnone size-full wp-image-2470\" src=\"https:\/\/www.cnam-hauts-de-france.fr\/wp-content\/uploads\/fleche-liens-formations-Cnam-HdF-rouge-20x20pv2.png\" alt=\"fleche liens formations alternance et formation continue au Cnam HdF\" width=\"20\" height=\"20\" \/> <a href=\"https:\/\/www.cnam-hauts-de-france.fr\/offre-de-formations-et-services\/\">Voir toute notre offre de formations et services<\/a><\/p>\n<p><a href=\"https:\/\/www.cnam-hauts-de-france.fr\/coordonnees-de-nos-centres-cfa\/\"><img loading=\"lazy\" decoding=\"async\" class=\"alignnone size-full wp-image-2470\" src=\"https:\/\/www.cnam-hauts-de-france.fr\/wp-content\/uploads\/fleche-liens-formations-Cnam-HdF-rouge-20x20pv2.png\" alt=\"fleche liens formations alternance et formation continue au Cnam HdF\" width=\"20\" height=\"20\" \/> Voir toutes nos coordonn\u00e9es<\/a><\/p>\n<p><strong>\u00a0<\/strong><\/p>\n<p><a href=\"https:\/\/www.cnam-hauts-de-france.fr\/contact\/\"><img loading=\"lazy\" decoding=\"async\" class=\"alignnone wp-image-599\" src=\"https:\/\/www.cnam-hauts-de-france.fr\/wp-content\/uploads\/Bouton_Contactez-nous-600x88.jpg\" alt=\"contactez nous, formulaire de contact\" width=\"300\" height=\"44\" srcset=\"https:\/\/www.cnam-hauts-de-france.fr\/wp-content\/uploads\/Bouton_Contactez-nous-600x88.jpg 600w, https:\/\/www.cnam-hauts-de-france.fr\/wp-content\/uploads\/Bouton_Contactez-nous-768x112.jpg 768w, https:\/\/www.cnam-hauts-de-france.fr\/wp-content\/uploads\/Bouton_Contactez-nous-770x113.jpg 770w, https:\/\/www.cnam-hauts-de-france.fr\/wp-content\/uploads\/Bouton_Contactez-nous.jpg 774w\" sizes=\"(max-width: 300px) 100vw, 300px\" \/><\/a><\/p>\n<p>&nbsp;<\/p>","excerpt":"Faites un bilan de comp\u00e9tences pour\u2026\u2022 Dynamiser votre carri\u00e8re,\u2022 Evoluer dans votre soci\u00e9t\u00e9,\u2022 Pr\u00e9parer un projet de reconversion... Objectifs d'un bilan de comp\u00e9tences\u2022 Relire votre parcours pour prendre conscience de vos atouts personnels et professionnels,\u2022 Ecouter vos aspirations et motivations pour devenir plus acteur(trice) de votre vie professionnelle,\u2022 D\u00e9couvrir, \u00e9laborer et valider un ou plusieurs projets r\u00e9alistes et coh\u00e9rents. Conditions [...]","slug":"journee-portes-ouvertes-formations-du-2nd-semestre-lille-et-valenciennes","image":false,"all_day":false,"start_date":"2024-01-20 09:30:00","start_date_details":{"year":"2024","month":"01","day":"20","hour":"09","minutes":"30","seconds":"00"},"end_date":"2024-01-20 12:30:00","end_date_details":{"year":"2024","month":"01","day":"20","hour":"12","minutes":"30","seconds":"00"},"utc_start_date":"2024-01-20 08:30:00","utc_start_date_details":{"year":"2024","month":"01","day":"20","hour":"08","minutes":"30","seconds":"00"},"utc_end_date":"2024-01-20 11:30:00","utc_end_date_details":{"year":"2024","month":"01","day":"20","hour":"11","minutes":"30","seconds":"00"},"timezone":"Europe\/Paris","timezone_abbr":"CET","cost":"","cost_details":{"currency_symbol":"","currency_code":"","currency_position":"prefix","values":[]},"website":"https:\/\/www.cnam-hauts-de-france.fr\/commencer-un-diplome-du-cnam-en-fevrier-cest-possible\/","show_map":true,"show_map_link":true,"hide_from_listings":false,"sticky":false,"featured":false,"categories":[{"name":"R\u00e9union d'information","slug":"reunion-dinformation","term_group":0,"term_taxonomy_id":24,"taxonomy":"tribe_events_cat","description":"","parent":0,"count":48,"filter":"raw","id":24,"urls":{"self":"https:\/\/www.cnam-hauts-de-france.fr\/api-json\/tribe\/events\/v1\/categories\/24","collection":"https:\/\/www.cnam-hauts-de-france.fr\/api-json\/tribe\/events\/v1\/categories"}}],"tags":[{"name":"cours du soir","slug":"cours-du-soir","term_group":0,"term_taxonomy_id":45,"taxonomy":"post_tag","description":"","parent":0,"count":16,"filter":"raw","id":45,"urls":{"self":"https:\/\/www.cnam-hauts-de-france.fr\/api-json\/tribe\/events\/v1\/tags\/45","collection":"https:\/\/www.cnam-hauts-de-france.fr\/api-json\/tribe\/events\/v1\/tags"}},{"name":"formation \u00e0 distance","slug":"formation-a-distance","term_group":0,"term_taxonomy_id":46,"taxonomy":"post_tag","description":"","parent":0,"count":16,"filter":"raw","id":46,"urls":{"self":"https:\/\/www.cnam-hauts-de-france.fr\/api-json\/tribe\/events\/v1\/tags\/46","collection":"https:\/\/www.cnam-hauts-de-france.fr\/api-json\/tribe\/events\/v1\/tags"}}],"venue":[],"organizer":[],"json_ld":{"@context":"http:\/\/schema.org","@type":"Event","name":"Journ\u00e9e Portes Ouvertes : Formations du 2nd semestre &#8211; LILLE et VALENCIENNES","description":"&lt;p&gt;Pr\u00e9sentation de notre offre de formations &quot;toutes modalit\u00e9s&quot; : en formation continue en journ\u00e9e, en alternance, en cours du soir et \u00e0 distance... Vous souhaitez d\u00e9velopper vos comp\u00e9tences, acqu\u00e9rir un dipl\u00f4me, reprendre ou poursuivre des \u00e9tudes\u2026\u00a0 Venez rencontrer nos conseillers : centre de Lille : 5, 7 et 8 Bd. Louis XIV - t\u00e9l. 03.20.29.86.68 centre de Valenciennes : 15 [&hellip;]&lt;\/p&gt;\\n","url":"https:\/\/www.cnam-hauts-de-france.fr\/event\/journee-portes-ouvertes-formations-du-2nd-semestre-lille-et-valenciennes\/","eventAttendanceMode":"https:\/\/schema.org\/OfflineEventAttendanceMode","eventStatus":"https:\/\/schema.org\/EventScheduled","startDate":"2024-01-20T09:30:00+01:00","endDate":"2024-01-20T12:30:00+01:00","performer":"Organization"}}