{"id":6361,"global_id":"www.cnam-hauts-de-france.fr?id=6361","global_id_lineage":["www.cnam-hauts-de-france.fr?id=6361"],"author":"4","status":"publish","date":"2021-10-25 16:11:05","date_utc":"2021-10-25 14:11:05","modified":"2021-10-25 16:19:35","modified_utc":"2021-10-25 14:19:35","url":"https:\/\/www.cnam-hauts-de-france.fr\/event\/forum-de-la-formation-et-de-lemploi-boite-a-jobs-caudry\/","rest_url":"https:\/\/www.cnam-hauts-de-france.fr\/api-json\/tribe\/events\/v1\/events\/6361","title":"Forum de la Formation et de l\u2019Emploi \/ Bo\u00eete \u00e0 Jobs &#8211; Caudry","description":"<p>Pour la troisi\u00e8me ann\u00e9e cons\u00e9cutive, afin d\u2019aider les lyc\u00e9ens caudr\u00e9siens \u00e0 choisir la fili\u00e8re la plus adapt\u00e9e \u00e0 leurs profils, mais aussi tout public en recherche d\u2019emploi ou d\u2019une formation r\u00e9mun\u00e9r\u00e9e, la ville de Caudry organise un <strong>Forum de la Formation et de l\u2019Emploi \/ Bo\u00eete \u00e0 Jobs<\/strong> ; en partenariat avec le lyc\u00e9e Jacquard de Caudry, P\u00f4le Emploi, Cambr\u00e9sis Emploi et la Mission Locale.<\/p>\n<p>Le Cnam Hauts-de-France sera pr\u00e9sent \u00e0 ce forum le <strong>mercredi 8 d\u00e9cembre 2021 <\/strong><strong>de 9h \u00e0 12h et de 13h \u00e0 18h<\/strong><br \/>\nPr\u00e9sentation des possibilit\u00e9s de poursuites d&rsquo;\u00e9tudes au Cnam <a href=\"https:\/\/www.cnam-hauts-de-france.fr\/alternance-apprentissage-contrat-professionnalisation\/\">en alternance (en apprentissage ou contrat pro)<\/a>, <a href=\"https:\/\/www.cnam-hauts-de-france.fr\/formation-continue-en-journee\/\">en formation continue en pr\u00e9sentiel<\/a> et <a href=\"https:\/\/www.cnam-hauts-de-france.fr\/formation-a-distance-et-hybride\/\">\u00e0 distance<\/a>.<\/p>\n<p>+d&rsquo;info<\/p>\n<p><a href=\"https:\/\/www.caudry.fr\/fr\/agenda\/20211208-forum-de-la-formation-et-de-l-emploi-boite-a-jobs.html\" target=\"_blank\" rel=\"noopener noreferrer\"><img loading=\"lazy\" decoding=\"async\" class=\"alignnone size-full wp-image-6362\" src=\"https:\/\/www.cnam-hauts-de-france.fr\/wp-content\/uploads\/Forum-Caudry-2021.jpg\" alt=\"\" width=\"385\" height=\"548\" \/><\/a><\/p>","excerpt":"Faites un bilan de comp\u00e9tences pour\u2026\u2022 Dynamiser votre carri\u00e8re,\u2022 Evoluer dans votre soci\u00e9t\u00e9,\u2022 Pr\u00e9parer un projet de reconversion... Objectifs d'un bilan de comp\u00e9tences\u2022 Relire votre parcours pour prendre conscience de vos atouts personnels et professionnels,\u2022 Ecouter vos aspirations et motivations pour devenir plus acteur(trice) de votre vie professionnelle,\u2022 D\u00e9couvrir, \u00e9laborer et valider un ou plusieurs projets r\u00e9alistes et coh\u00e9rents. Conditions [...]","slug":"forum-de-la-formation-et-de-lemploi-boite-a-jobs-caudry","image":false,"all_day":false,"start_date":"2021-12-08 09:00:00","start_date_details":{"year":"2021","month":"12","day":"08","hour":"09","minutes":"00","seconds":"00"},"end_date":"2021-12-08 18:00:00","end_date_details":{"year":"2021","month":"12","day":"08","hour":"18","minutes":"00","seconds":"00"},"utc_start_date":"2021-12-08 08:00:00","utc_start_date_details":{"year":"2021","month":"12","day":"08","hour":"08","minutes":"00","seconds":"00"},"utc_end_date":"2021-12-08 17:00:00","utc_end_date_details":{"year":"2021","month":"12","day":"08","hour":"17","minutes":"00","seconds":"00"},"timezone":"Europe\/Paris","timezone_abbr":"CET","cost":"","cost_details":{"currency_symbol":"","currency_code":"","currency_position":"prefix","values":[]},"website":"","show_map":true,"show_map_link":true,"hide_from_listings":false,"sticky":false,"featured":false,"categories":[{"name":"Forum","slug":"forum","term_group":0,"term_taxonomy_id":267,"taxonomy":"tribe_events_cat","description":"","parent":0,"count":30,"filter":"raw","id":267,"urls":{"self":"https:\/\/www.cnam-hauts-de-france.fr\/api-json\/tribe\/events\/v1\/categories\/267","collection":"https:\/\/www.cnam-hauts-de-france.fr\/api-json\/tribe\/events\/v1\/categories"}}],"tags":[{"name":"Forum","slug":"forum","term_group":0,"term_taxonomy_id":41,"taxonomy":"post_tag","description":"","parent":0,"count":2,"filter":"raw","id":41,"urls":{"self":"https:\/\/www.cnam-hauts-de-france.fr\/api-json\/tribe\/events\/v1\/tags\/41","collection":"https:\/\/www.cnam-hauts-de-france.fr\/api-json\/tribe\/events\/v1\/tags"}},{"name":"Forum emplois","slug":"forum-emplois","term_group":0,"term_taxonomy_id":269,"taxonomy":"post_tag","description":"","parent":0,"count":2,"filter":"raw","id":269,"urls":{"self":"https:\/\/www.cnam-hauts-de-france.fr\/api-json\/tribe\/events\/v1\/tags\/269","collection":"https:\/\/www.cnam-hauts-de-france.fr\/api-json\/tribe\/events\/v1\/tags"}},{"name":"Forum formations","slug":"forum-formations","term_group":0,"term_taxonomy_id":268,"taxonomy":"post_tag","description":"","parent":0,"count":2,"filter":"raw","id":268,"urls":{"self":"https:\/\/www.cnam-hauts-de-france.fr\/api-json\/tribe\/events\/v1\/tags\/268","collection":"https:\/\/www.cnam-hauts-de-france.fr\/api-json\/tribe\/events\/v1\/tags"}}],"venue":{"id":6364,"author":"4","status":"publish","date":"2021-10-25 16:11:08","date_utc":"2021-10-25 14:11:08","modified":"2021-10-25 16:11:08","modified_utc":"2021-10-25 14:11:08","url":"https:\/\/www.cnam-hauts-de-france.fr\/lieu\/salle-polyvalente-du-val-du-riot-a-caudry\/","venue":"Salle polyvalente du Val du Riot \u00e0 Caudry","excerpt":"Faites un bilan de comp\u00e9tences pour\u2026\u2022 Dynamiser votre carri\u00e8re,\u2022 Evoluer dans votre soci\u00e9t\u00e9,\u2022 Pr\u00e9parer un projet de reconversion... Objectifs d'un bilan de comp\u00e9tences\u2022 Relire votre parcours pour prendre conscience de vos atouts personnels et professionnels,\u2022 Ecouter vos aspirations et motivations pour devenir plus acteur(trice) de votre vie professionnelle,\u2022 D\u00e9couvrir, \u00e9laborer et valider un ou plusieurs projets r\u00e9alistes et coh\u00e9rents. Conditions [...]","slug":"salle-polyvalente-du-val-du-riot-a-caudry","address":"Rue de Cambrai prolong\u00e9e","city":"CAUDRY","country":"France","zip":"59540","json_ld":{"@type":"Place","name":"Salle polyvalente du Val du Riot \u00e0 Caudry","description":"","url":"","address":{"@type":"PostalAddress","streetAddress":"Rue de Cambrai prolong\u00e9e","addressLocality":"CAUDRY","postalCode":"59540","addressCountry":"France"},"telephone":"","sameAs":""},"show_map":true,"show_map_link":true,"global_id":"www.cnam-hauts-de-france.fr?id=6364","global_id_lineage":["www.cnam-hauts-de-france.fr?id=6364"]},"organizer":[],"json_ld":{"@context":"http:\/\/schema.org","@type":"Event","name":"Forum de la Formation et de l\u2019Emploi \/ Bo\u00eete \u00e0 Jobs &#8211; Caudry","description":"&lt;p&gt;Pour la troisi\u00e8me ann\u00e9e cons\u00e9cutive, afin d\u2019aider les lyc\u00e9ens caudr\u00e9siens \u00e0 choisir la fili\u00e8re la plus adapt\u00e9e \u00e0 leurs profils, mais aussi tout public en recherche d\u2019emploi ou d\u2019une formation r\u00e9mun\u00e9r\u00e9e, la ville de Caudry organise un Forum de la Formation et de l\u2019Emploi \/ Bo\u00eete \u00e0 Jobs ; en partenariat avec le lyc\u00e9e Jacquard de Caudry, P\u00f4le Emploi, Cambr\u00e9sis [&hellip;]&lt;\/p&gt;\\n","url":"https:\/\/www.cnam-hauts-de-france.fr\/event\/forum-de-la-formation-et-de-lemploi-boite-a-jobs-caudry\/","eventAttendanceMode":"https:\/\/schema.org\/OfflineEventAttendanceMode","eventStatus":"https:\/\/schema.org\/EventScheduled","startDate":"2021-12-08T09:00:00+01:00","endDate":"2021-12-08T18:00:00+01:00","location":{"@type":"Place","name":"Salle polyvalente du Val du Riot \u00e0 Caudry","description":"","url":"","address":{"@type":"PostalAddress","streetAddress":"Rue de Cambrai prolong\u00e9e","addressLocality":"CAUDRY","postalCode":"59540","addressCountry":"France"},"telephone":"","sameAs":""},"performer":"Organization"}}